{"id":777,"date":"2010-07-14T10:48:09","date_gmt":"2010-07-14T08:48:09","guid":{"rendered":"https:\/\/www.vdigital.org\/sharing\/?p=777"},"modified":"2010-07-21T10:42:18","modified_gmt":"2010-07-21T08:42:18","slug":"agir-autrement","status":"publish","type":"post","link":"https:\/\/www.vdigital.org\/sharing\/2010\/07\/agir-autrement\/","title":{"rendered":"Agir autrement"},"content":{"rendered":"<div style=\"float:left;\">\n<figure style=\"width: 293px\" class=\"wp-caption alignnone\"><a class=\"img-shadow\" href=\"https:\/\/www.photos.tarrajat.fr\/\"><img loading=\"lazy\" decoding=\"async\" alt=\"l&#039;Hesp\u00e9rie de la carline\" src=\"https:\/\/www.photos.tarrajat.fr\/upload\/2010\/07\/07\/20100707145229-c27192fc.jpg\" title=\"l&#039;Hesp\u00e9rie de la carline\" width=\"273\" height=\"400\" \/><\/a><figcaption class=\"wp-caption-text\">l&#039;Hesp\u00e9rie de la carline :: www.photos.tarrajat.fr<\/figcaption><\/figure>\n<\/div>\n<p>Seb est un photographe amateur qui n&rsquo;a plus grand rapport avec l&rsquo;amateurisme. Il s&rsquo;est sp\u00e9cialis\u00e9 dans la photo animali\u00e8re et organise avec un autre photographe des stages sur leur passion commune.<br \/>\nNous avons \u00e0 faire \u00e0 un amoureux de la nature. Il a tant de respect pour celle-ci et pour les visiteurs de son site qu&rsquo;il ne retouche pas ou tr\u00e8s peu ses clich\u00e9s. Si vous souhaitez vous inscrire sur son site (sans obligation) vous recevrez alors tr\u00e8s r\u00e9guli\u00e8rement un message vous expliquant les nouvelles photographies \u00e0 d\u00e9couvrir et les conditions dans lesquelles celles-ci ont \u00e9t\u00e9 prises.<br \/>\nCette invitation r\u00e9guli\u00e8re \u00e0 contempler les derni\u00e8res images et \u00e0 les commenter est un atout majeur du site de Seb.<\/p>\n<blockquote><p>Vraiment Ma\u00eetre Seb n&rsquo;a pas le regard de tout le monde, et agit r\u00e9ellement autrement en faveur de la nature.<\/p><\/blockquote>\n","protected":false},"excerpt":{"rendered":"<p>D\u00e9couvrez le site de S\u00e9bastien, un photographe amateur ayant des qualit\u00e9s sup\u00e9rieures \u00e0 bien des professionnels.<\/p>\n","protected":false},"author":1,"featured_media":0,"comment_status":"open","ping_status":"open","sticky":false,"template":"","format":"standard","meta":{"_jetpack_newsletter_access":"","_jetpack_dont_email_post_to_subs":false,"_jetpack_newsletter_tier_id":0,"_jetpack_memberships_contains_paywalled_content":false,"_jetpack_memberships_contains_paid_content":false,"footnotes":""},"categories":[26],"tags":[29],"class_list":["post-777","post","type-post","status-publish","format-standard","hentry","category-autres-visions","tag-albums"],"featured_image_src":null,"featured_image_src_square":null,"author_info":{"display_name":"VDigital","author_link":"https:\/\/www.vdigital.org\/sharing\/author\/admin\/"},"jetpack_featured_media_url":"","jetpack_shortlink":"https:\/\/wp.me\/pZ90J-cx","jetpack_sharing_enabled":true,"_links":{"self":[{"href":"https:\/\/www.vdigital.org\/sharing\/wp-json\/wp\/v2\/posts\/777","targetHints":{"allow":["GET"]}}],"collection":[{"href":"https:\/\/www.vdigital.org\/sharing\/wp-json\/wp\/v2\/posts"}],"about":[{"href":"https:\/\/www.vdigital.org\/sharing\/wp-json\/wp\/v2\/types\/post"}],"author":[{"embeddable":true,"href":"https:\/\/www.vdigital.org\/sharing\/wp-json\/wp\/v2\/users\/1"}],"replies":[{"embeddable":true,"href":"https:\/\/www.vdigital.org\/sharing\/wp-json\/wp\/v2\/comments?post=777"}],"version-history":[{"count":15,"href":"https:\/\/www.vdigital.org\/sharing\/wp-json\/wp\/v2\/posts\/777\/revisions"}],"predecessor-version":[{"id":849,"href":"https:\/\/www.vdigital.org\/sharing\/wp-json\/wp\/v2\/posts\/777\/revisions\/849"}],"wp:attachment":[{"href":"https:\/\/www.vdigital.org\/sharing\/wp-json\/wp\/v2\/media?parent=777"}],"wp:term":[{"taxonomy":"category","embeddable":true,"href":"https:\/\/www.vdigital.org\/sharing\/wp-json\/wp\/v2\/categories?post=777"},{"taxonomy":"post_tag","embeddable":true,"href":"https:\/\/www.vdigital.org\/sharing\/wp-json\/wp\/v2\/tags?post=777"}],"curies":[{"name":"wp","href":"https:\/\/api.w.org\/{rel}","templated":true}]}}